{"id":39491,"date":"2021-06-30T08:55:55","date_gmt":"2021-06-30T08:55:55","guid":{"rendered":"https:\/\/www.fiestaybullshit.com\/?p=39491"},"modified":"2021-06-30T08:56:10","modified_gmt":"2021-06-30T08:56:10","slug":"jan-blomqvist-de-vuelta-en-ibiza-el-11-de-julio","status":"publish","type":"post","link":"https:\/\/www.fiestaybullshit.com\/en\/jan-blomqvist-de-vuelta-en-ibiza-el-11-de-julio\/","title":{"rendered":"JAN BLOMQVIST DE VUELTA EN IBIZA EL 11 DE JULIO."},"content":{"rendered":"<p>Despu\u00e9s de un a\u00f1o tan complicado <strong>Lunarts<\/strong> quiere dedicar su primer evento el pr\u00f3ximo 2 de julio a apoyar el talento local y la comunidad ibicenca con <strong>I\u2022BEATS\u2022A<\/strong> (Supporting Ibiza Beats) donde varias generaciones de DJ\u2019s de la isla celebran el esp\u00edritu ibicenco. Entre ellos adalides del house made in Ibiza como <strong>DJ Oliver <\/strong>y <strong>Oscar Colorado<\/strong>, el padre del sonido balearic, <strong>DJ Alfredo<\/strong>, junto a su hijo y tambi\u00e9n <strong>DJ Jaime Fiorito<\/strong>, uno de los artistas m\u00e1s internacionales de la escena ibicenca de la actualidad como <strong>Valentin Huedo<\/strong> y la talentosa <strong>Gaya Brisa.<\/strong><\/p>\n<p>Es parte de la identidad de <strong>Nomad Suntribe<\/strong>, la productora detr\u00e1s <strong>WooMooN<\/strong> y <strong>Storytellers<\/strong>, el apoyar a la comunidad ibicenca as\u00ed que era justo inaugurar la temporada con un evento donde parte de los beneficios vayan destinados a programas de acci\u00f3n social de <strong>Caritas Ibiza.<\/strong><\/p>\n<p>Y para continuar con los eventos que estrenan este verano 2021, Lunarts presenta una serie de tres fechas llamada \u201cLive Sessions\u201d donde artistas de renombre internacional aterrizar\u00e1n en <strong>Cova Santa<\/strong> para ofrecer una actuaci\u00f3n en formato directo. Inicia la serie el pr\u00f3ximo 4 de Julio el neerland\u00e9s <strong>Satori,<\/strong> con su espectacular y en\u00e9rgico live, precedido del artista de<strong> Lunarts Landikhan<\/strong> y el cautivador directo del artista indio <strong>Barahmji<\/strong> acompa\u00f1ado del d\u00fao <strong>Medusa Odyssey<\/strong>. Para las otras dos fechas el 9 de Julio se presentar\u00e1 un \u201cvery special guest\u201d y el 11 de Julio cerrar\u00e1 esta primera tanda de eventos <strong>Jan Blomqvist.<\/strong><\/p>\n<p>Adem\u00e1s de estas fechas<strong> Nomad Suntribe<\/strong> anunciar\u00e1 en breve la vuelta de algunos de sus eventos m\u00e1s populares junto al estreno de una nueva marca en Ibiza.<\/p>\n<p><iframe loading=\"lazy\" title=\"YouTube video player\" src=\"https:\/\/www.youtube.com\/embed\/w1ElkNNsfm8\" width=\"100%\" height=\"515\" frameborder=\"0\" allowfullscreen=\"allowfullscreen\"><span data-mce-type=\"bookmark\" style=\"display: inline-block; width: 0px; overflow: hidden; line-height: 0;\" class=\"mce_SELRES_start\">\ufeff<\/span><\/iframe><\/p>\n","protected":false},"excerpt":{"rendered":"<p>Despu\u00e9s de un a\u00f1o tan complicado Lunarts quiere dedicar su primer evento el pr\u00f3ximo 2 de julio a apoyar el talento local y la comunidad ibicenca con I\u2022BEATS\u2022A (Supporting Ibiza Beats) donde varias generaciones de DJ\u2019s de la isla celebran el esp\u00edritu ibicenco. Entre ellos adalides del house made in Ibiza como DJ Oliver y [&hellip;]<\/p>\n","protected":false},"author":2,"featured_media":39492,"comment_status":"closed","ping_status":"open","sticky":false,"template":"","format":"standard","meta":[],"categories":[109],"tags":[],"yoast_head":"<!-- This site is optimized with the Yoast SEO plugin v21.8 - https:\/\/yoast.com\/wordpress\/plugins\/seo\/ -->\n<title>JAN BLOMQVIST DE VUELTA EN IBIZA EL 11 DE JULIO. - FIESTA y BULLSHIT<\/title>\n<meta name=\"robots\" content=\"index, follow, max-snippet:-1, max-image-preview:large, max-video-preview:-1\" \/>\n<link rel=\"canonical\" href=\"https:\/\/www.fiestaybullshit.com\/en\/jan-blomqvist-de-vuelta-en-ibiza-el-11-de-julio\/\" \/>\n<meta property=\"og:locale\" content=\"en_US\" \/>\n<meta property=\"og:type\" content=\"article\" \/>\n<meta property=\"og:title\" content=\"JAN BLOMQVIST DE VUELTA EN IBIZA EL 11 DE JULIO. - FIESTA y BULLSHIT\" \/>\n<meta property=\"og:description\" content=\"Despu\u00e9s de un a\u00f1o tan complicado Lunarts quiere dedicar su primer evento el pr\u00f3ximo 2 de julio a apoyar el talento local y la comunidad ibicenca con I\u2022BEATS\u2022A (Supporting Ibiza Beats) donde varias generaciones de DJ\u2019s de la isla celebran el esp\u00edritu ibicenco. Entre ellos adalides del house made in Ibiza como DJ Oliver y [&hellip;]\" \/>\n<meta property=\"og:url\" content=\"https:\/\/www.fiestaybullshit.com\/en\/jan-blomqvist-de-vuelta-en-ibiza-el-11-de-julio\/\" \/>\n<meta property=\"og:site_name\" content=\"FIESTA y BULLSHIT\" \/>\n<meta property=\"article:published_time\" content=\"2021-06-30T08:55:55+00:00\" \/>\n<meta property=\"article:modified_time\" content=\"2021-06-30T08:56:10+00:00\" \/>\n<meta property=\"og:image\" content=\"https:\/\/www.fiestaybullshit.com\/wp-content\/uploads\/2021\/06\/janblo.jpg\" \/>\n\t<meta property=\"og:image:width\" content=\"1200\" \/>\n\t<meta property=\"og:image:height\" content=\"674\" \/>\n\t<meta property=\"og:image:type\" content=\"image\/jpeg\" \/>\n<meta name=\"author\" content=\"Dani\" \/>\n<meta name=\"twitter:label1\" content=\"Written by\" \/>\n\t<meta name=\"twitter:data1\" content=\"Dani\" \/>\n\t<meta name=\"twitter:label2\" content=\"Est. reading time\" \/>\n\t<meta name=\"twitter:data2\" content=\"2 minutes\" \/>\n<script type=\"application\/ld+json\" class=\"yoast-schema-graph\">{\"@context\":\"https:\/\/schema.org\",\"@graph\":[{\"@type\":\"WebPage\",\"@id\":\"https:\/\/www.fiestaybullshit.com\/en\/jan-blomqvist-de-vuelta-en-ibiza-el-11-de-julio\/\",\"url\":\"https:\/\/www.fiestaybullshit.com\/en\/jan-blomqvist-de-vuelta-en-ibiza-el-11-de-julio\/\",\"name\":\"JAN BLOMQVIST DE VUELTA EN IBIZA EL 11 DE JULIO. - FIESTA y BULLSHIT\",\"isPartOf\":{\"@id\":\"https:\/\/www.fiestaybullshit.com\/#website\"},\"datePublished\":\"2021-06-30T08:55:55+00:00\",\"dateModified\":\"2021-06-30T08:56:10+00:00\",\"author\":{\"@id\":\"https:\/\/www.fiestaybullshit.com\/#\/schema\/person\/d7a9cfeeb7d0ae4f383cee6ef929eb18\"},\"breadcrumb\":{\"@id\":\"https:\/\/www.fiestaybullshit.com\/en\/jan-blomqvist-de-vuelta-en-ibiza-el-11-de-julio\/#breadcrumb\"},\"inLanguage\":\"en-US\",\"potentialAction\":[{\"@type\":\"ReadAction\",\"target\":[\"https:\/\/www.fiestaybullshit.com\/en\/jan-blomqvist-de-vuelta-en-ibiza-el-11-de-julio\/\"]}]},{\"@type\":\"BreadcrumbList\",\"@id\":\"https:\/\/www.fiestaybullshit.com\/en\/jan-blomqvist-de-vuelta-en-ibiza-el-11-de-julio\/#breadcrumb\",\"itemListElement\":[{\"@type\":\"ListItem\",\"position\":1,\"name\":\"Portada\",\"item\":\"https:\/\/www.fiestaybullshit.com\/en\/\"},{\"@type\":\"ListItem\",\"position\":2,\"name\":\"JAN BLOMQVIST DE VUELTA EN IBIZA EL 11 DE JULIO.\"}]},{\"@type\":\"WebSite\",\"@id\":\"https:\/\/www.fiestaybullshit.com\/#website\",\"url\":\"https:\/\/www.fiestaybullshit.com\/\",\"name\":\"FIESTA y BULLSHIT\",\"description\":\"Magazine 3.0\",\"potentialAction\":[{\"@type\":\"SearchAction\",\"target\":{\"@type\":\"EntryPoint\",\"urlTemplate\":\"https:\/\/www.fiestaybullshit.com\/?s={search_term_string}\"},\"query-input\":\"required name=search_term_string\"}],\"inLanguage\":\"en-US\"},{\"@type\":\"Person\",\"@id\":\"https:\/\/www.fiestaybullshit.com\/#\/schema\/person\/d7a9cfeeb7d0ae4f383cee6ef929eb18\",\"name\":\"Dani\",\"image\":{\"@type\":\"ImageObject\",\"inLanguage\":\"en-US\",\"@id\":\"https:\/\/www.fiestaybullshit.com\/#\/schema\/person\/image\/\",\"url\":\"https:\/\/secure.gravatar.com\/avatar\/d2bb71e25934a17b865a0db2825fab0c?s=96&d=mm&r=g\",\"contentUrl\":\"https:\/\/secure.gravatar.com\/avatar\/d2bb71e25934a17b865a0db2825fab0c?s=96&d=mm&r=g\",\"caption\":\"Dani\"},\"url\":\"https:\/\/www.fiestaybullshit.com\/en\/author\/teo\/\"}]}<\/script>\n<!-- \/ Yoast SEO plugin. -->","yoast_head_json":{"title":"JAN BLOMQVIST DE VUELTA EN IBIZA EL 11 DE JULIO. - FIESTA y BULLSHIT","robots":{"index":"index","follow":"follow","max-snippet":"max-snippet:-1","max-image-preview":"max-image-preview:large","max-video-preview":"max-video-preview:-1"},"canonical":"https:\/\/www.fiestaybullshit.com\/en\/jan-blomqvist-de-vuelta-en-ibiza-el-11-de-julio\/","og_locale":"en_US","og_type":"article","og_title":"JAN BLOMQVIST DE VUELTA EN IBIZA EL 11 DE JULIO. - FIESTA y BULLSHIT","og_description":"Despu\u00e9s de un a\u00f1o tan complicado Lunarts quiere dedicar su primer evento el pr\u00f3ximo 2 de julio a apoyar el talento local y la comunidad ibicenca con I\u2022BEATS\u2022A (Supporting Ibiza Beats) donde varias generaciones de DJ\u2019s de la isla celebran el esp\u00edritu ibicenco. Entre ellos adalides del house made in Ibiza como DJ Oliver y [&hellip;]","og_url":"https:\/\/www.fiestaybullshit.com\/en\/jan-blomqvist-de-vuelta-en-ibiza-el-11-de-julio\/","og_site_name":"FIESTA y BULLSHIT","article_published_time":"2021-06-30T08:55:55+00:00","article_modified_time":"2021-06-30T08:56:10+00:00","og_image":[{"width":1200,"height":674,"url":"https:\/\/www.fiestaybullshit.com\/wp-content\/uploads\/2021\/06\/janblo.jpg","type":"image\/jpeg"}],"author":"Dani","twitter_misc":{"Written by":"Dani","Est. reading time":"2 minutes"},"schema":{"@context":"https:\/\/schema.org","@graph":[{"@type":"WebPage","@id":"https:\/\/www.fiestaybullshit.com\/en\/jan-blomqvist-de-vuelta-en-ibiza-el-11-de-julio\/","url":"https:\/\/www.fiestaybullshit.com\/en\/jan-blomqvist-de-vuelta-en-ibiza-el-11-de-julio\/","name":"JAN BLOMQVIST DE VUELTA EN IBIZA EL 11 DE JULIO. - FIESTA y BULLSHIT","isPartOf":{"@id":"https:\/\/www.fiestaybullshit.com\/#website"},"datePublished":"2021-06-30T08:55:55+00:00","dateModified":"2021-06-30T08:56:10+00:00","author":{"@id":"https:\/\/www.fiestaybullshit.com\/#\/schema\/person\/d7a9cfeeb7d0ae4f383cee6ef929eb18"},"breadcrumb":{"@id":"https:\/\/www.fiestaybullshit.com\/en\/jan-blomqvist-de-vuelta-en-ibiza-el-11-de-julio\/#breadcrumb"},"inLanguage":"en-US","potentialAction":[{"@type":"ReadAction","target":["https:\/\/www.fiestaybullshit.com\/en\/jan-blomqvist-de-vuelta-en-ibiza-el-11-de-julio\/"]}]},{"@type":"BreadcrumbList","@id":"https:\/\/www.fiestaybullshit.com\/en\/jan-blomqvist-de-vuelta-en-ibiza-el-11-de-julio\/#breadcrumb","itemListElement":[{"@type":"ListItem","position":1,"name":"Portada","item":"https:\/\/www.fiestaybullshit.com\/en\/"},{"@type":"ListItem","position":2,"name":"JAN BLOMQVIST DE VUELTA EN IBIZA EL 11 DE JULIO."}]},{"@type":"WebSite","@id":"https:\/\/www.fiestaybullshit.com\/#website","url":"https:\/\/www.fiestaybullshit.com\/","name":"FIESTA y BULLSHIT","description":"Magazine 3.0","potentialAction":[{"@type":"SearchAction","target":{"@type":"EntryPoint","urlTemplate":"https:\/\/www.fiestaybullshit.com\/?s={search_term_string}"},"query-input":"required name=search_term_string"}],"inLanguage":"en-US"},{"@type":"Person","@id":"https:\/\/www.fiestaybullshit.com\/#\/schema\/person\/d7a9cfeeb7d0ae4f383cee6ef929eb18","name":"Dani","image":{"@type":"ImageObject","inLanguage":"en-US","@id":"https:\/\/www.fiestaybullshit.com\/#\/schema\/person\/image\/","url":"https:\/\/secure.gravatar.com\/avatar\/d2bb71e25934a17b865a0db2825fab0c?s=96&d=mm&r=g","contentUrl":"https:\/\/secure.gravatar.com\/avatar\/d2bb71e25934a17b865a0db2825fab0c?s=96&d=mm&r=g","caption":"Dani"},"url":"https:\/\/www.fiestaybullshit.com\/en\/author\/teo\/"}]}},"_links":{"self":[{"href":"https:\/\/www.fiestaybullshit.com\/en\/wp-json\/wp\/v2\/posts\/39491"}],"collection":[{"href":"https:\/\/www.fiestaybullshit.com\/en\/wp-json\/wp\/v2\/posts"}],"about":[{"href":"https:\/\/www.fiestaybullshit.com\/en\/wp-json\/wp\/v2\/types\/post"}],"author":[{"embeddable":true,"href":"https:\/\/www.fiestaybullshit.com\/en\/wp-json\/wp\/v2\/users\/2"}],"replies":[{"embeddable":true,"href":"https:\/\/www.fiestaybullshit.com\/en\/wp-json\/wp\/v2\/comments?post=39491"}],"version-history":[{"count":1,"href":"https:\/\/www.fiestaybullshit.com\/en\/wp-json\/wp\/v2\/posts\/39491\/revisions"}],"predecessor-version":[{"id":39494,"href":"https:\/\/www.fiestaybullshit.com\/en\/wp-json\/wp\/v2\/posts\/39491\/revisions\/39494"}],"wp:featuredmedia":[{"embeddable":true,"href":"https:\/\/www.fiestaybullshit.com\/en\/wp-json\/wp\/v2\/media\/39492"}],"wp:attachment":[{"href":"https:\/\/www.fiestaybullshit.com\/en\/wp-json\/wp\/v2\/media?parent=39491"}],"wp:term":[{"taxonomy":"category","embeddable":true,"href":"https:\/\/www.fiestaybullshit.com\/en\/wp-json\/wp\/v2\/categories?post=39491"},{"taxonomy":"post_tag","embeddable":true,"href":"https:\/\/www.fiestaybullshit.com\/en\/wp-json\/wp\/v2\/tags?post=39491"}],"curies":[{"name":"wp","href":"https:\/\/api.w.org\/{rel}","templated":true}]}}