{"id":48237,"date":"2023-06-19T16:22:13","date_gmt":"2023-06-19T16:22:13","guid":{"rendered":"https:\/\/www.fiestaybullshit.com\/lio-aterriza-en-mallorca-el-proximo-3-de-agosto-en-la-discoteca-titos\/"},"modified":"2023-06-20T06:30:35","modified_gmt":"2023-06-20T06:30:35","slug":"lio-aterriza-en-mallorca-el-proximo-3-de-agosto-en-la-discoteca-titos","status":"publish","type":"post","link":"https:\/\/www.fiestaybullshit.com\/en\/lio-aterriza-en-mallorca-el-proximo-3-de-agosto-en-la-discoteca-titos\/","title":{"rendered":"L\u00cdO OPENS ON AUGUST 3 IN MALLORCA."},"content":{"rendered":"<p>After Ibiza, Mykonos and London, <strong>L\u00edo<\/strong> comes to disembark in <strong>Mallorca<\/strong>. The famous restaurant-cabaret raises its curtain on the island the upcoming <strong>3rd of August.<\/strong> It will do so in the venue of what once was one of the most important and exclusive nightclubs of recent decades in Mallorca: <strong>Tito&#8217;s<\/strong>. Pacha group has focused on restoring the building to the glamour and exquisiteness of the 50s and 60s, when regulars included Charles Chaplin, Grace Kelly and Sean Connery. The renovation of the building has been carried out by the Mallorcan architecture firm Gras-Reyn\u00e9s, together with the interior design studio L\u00e1zaro Rosa-Viol\u00e1n, who also designed the new L\u00edo London.<\/p>\n<p><strong>L\u00edo brings to Mallorca a modern, attractive and very sensual cabaret show<\/strong> with performances by dancers, singers and acrobats accompanying your dinner. <em>\u201cSensuality, fun, hedonism, freedom and magic are guaranteed in the new L\u00edo Mallorca,\u201d<\/em> says Pacha Group CEO, Sanjay Nandi. <strong>The restaurant-cabaret will open at 8 pm and the club at 12 pm<\/strong> with resident DJs and other famous international guest DJs. Guests can enjoy the restaurant- cabaret show and the club independently of one another.<\/p>\n<p>The Michelin-starred Mallorcan chef, Andreu Genestra, has worked with the Head Chef of L\u00edo Mallorca, Felip Moreno, to prepare a Mediterranean menu, evoking the essence of Mallorca in every bite. A Mediterranean and innovative cuisine that invokes the spirit of L\u00edo, with each dish intended as a work of art designed to provoke emotions. Simply the perfect pairing for a show that awakens the senses. <em>\u201cEach dish will perfectly exemplify Mediterranean cuisine. We will illustrate our origins and the exquisiteness of the island&#8217;s produce,\u201d<\/em> says Genestra.<\/p>\n<p><strong>SIMPLY THE BEST<\/strong> becomes L\u00edo&#8217;s uniting theme for the celebration of its premiere in Mallorca. The show was created in 2020 for Lio Ibiza and brings together the best musical moments and choreographies, together with the most entertaining scenes, unforgettable music and spectacular costumes and lighting. Like all L\u00edo shows, SIMPLY THE BEST features great moments of connection with the public accompanied by a significant dose of sensuality, and a rousing and devilish rhythm.<\/p>\n<p><em>\u201cThis season, we will relive the best numbers in the history of L\u00edo Ibiza with a journey through time which sees the cr\u00e8me de la cr\u00e8me of our previous acts take to the stage again, interspersed with new and current numbers\u201d<\/em> says L\u00edo&#8217;s artistic director, Joan Gr\u00e0cia.<\/p>\n<p><span style=\"text-decoration: underline;\"><strong><a href=\"https:\/\/mallorca.liopacha.com\/\">Reservations<\/a><\/strong><\/span><\/p>\n","protected":false},"excerpt":{"rendered":"<p>After Ibiza, Mykonos and London, L\u00edo comes to disembark in Mallorca. The famous restaurant-cabaret raises its curtain on the island the upcoming 3rd of August. It will do so in the venue of what once was one of the most important and exclusive nightclubs of recent decades in Mallorca: Tito&#8217;s. Pacha group has focused on [&hellip;]<\/p>\n","protected":false},"author":2,"featured_media":48235,"comment_status":"closed","ping_status":"open","sticky":false,"template":"","format":"standard","meta":[],"categories":[109],"tags":[],"yoast_head":"<!-- This site is optimized with the Yoast SEO plugin v21.8 - https:\/\/yoast.com\/wordpress\/plugins\/seo\/ -->\n<title>L\u00cdO OPENS ON AUGUST 3 IN MALLORCA. - FIESTA y BULLSHIT<\/title>\n<meta name=\"description\" content=\"L\u00edo, the famous restaurant-cabaret raises its curtain on the island Mallorca, the upcoming 3rd of August 2023.\" \/>\n<meta name=\"robots\" content=\"index, follow, max-snippet:-1, max-image-preview:large, max-video-preview:-1\" \/>\n<link rel=\"canonical\" href=\"https:\/\/www.fiestaybullshit.com\/en\/lio-aterriza-en-mallorca-el-proximo-3-de-agosto-en-la-discoteca-titos\/\" \/>\n<meta property=\"og:locale\" content=\"en_US\" \/>\n<meta property=\"og:type\" content=\"article\" \/>\n<meta property=\"og:title\" content=\"L\u00cdO OPENS ON AUGUST 3 IN MALLORCA. - FIESTA y BULLSHIT\" \/>\n<meta property=\"og:description\" content=\"L\u00edo, the famous restaurant-cabaret raises its curtain on the island Mallorca, the upcoming 3rd of August 2023.\" \/>\n<meta property=\"og:url\" content=\"https:\/\/www.fiestaybullshit.com\/en\/lio-aterriza-en-mallorca-el-proximo-3-de-agosto-en-la-discoteca-titos\/\" \/>\n<meta property=\"og:site_name\" content=\"FIESTA y BULLSHIT\" \/>\n<meta property=\"article:published_time\" content=\"2023-06-19T16:22:13+00:00\" \/>\n<meta property=\"article:modified_time\" content=\"2023-06-20T06:30:35+00:00\" \/>\n<meta property=\"og:image\" content=\"https:\/\/www.fiestaybullshit.com\/wp-content\/uploads\/2023\/06\/Lio-Mallorca.png\" \/>\n\t<meta property=\"og:image:width\" content=\"1200\" \/>\n\t<meta property=\"og:image:height\" content=\"674\" \/>\n\t<meta property=\"og:image:type\" content=\"image\/png\" \/>\n<meta name=\"author\" content=\"Dani\" \/>\n<meta name=\"twitter:label1\" content=\"Written by\" \/>\n\t<meta name=\"twitter:data1\" content=\"Dani\" \/>\n\t<meta name=\"twitter:label2\" content=\"Est. reading time\" \/>\n\t<meta name=\"twitter:data2\" content=\"2 minutes\" \/>\n<script type=\"application\/ld+json\" class=\"yoast-schema-graph\">{\"@context\":\"https:\/\/schema.org\",\"@graph\":[{\"@type\":\"WebPage\",\"@id\":\"https:\/\/www.fiestaybullshit.com\/en\/lio-aterriza-en-mallorca-el-proximo-3-de-agosto-en-la-discoteca-titos\/\",\"url\":\"https:\/\/www.fiestaybullshit.com\/en\/lio-aterriza-en-mallorca-el-proximo-3-de-agosto-en-la-discoteca-titos\/\",\"name\":\"L\u00cdO OPENS ON AUGUST 3 IN MALLORCA. - FIESTA y BULLSHIT\",\"isPartOf\":{\"@id\":\"https:\/\/www.fiestaybullshit.com\/#website\"},\"datePublished\":\"2023-06-19T16:22:13+00:00\",\"dateModified\":\"2023-06-20T06:30:35+00:00\",\"author\":{\"@id\":\"https:\/\/www.fiestaybullshit.com\/#\/schema\/person\/d7a9cfeeb7d0ae4f383cee6ef929eb18\"},\"description\":\"L\u00edo, the famous restaurant-cabaret raises its curtain on the island Mallorca, the upcoming 3rd of August 2023.\",\"breadcrumb\":{\"@id\":\"https:\/\/www.fiestaybullshit.com\/en\/lio-aterriza-en-mallorca-el-proximo-3-de-agosto-en-la-discoteca-titos\/#breadcrumb\"},\"inLanguage\":\"en-US\",\"potentialAction\":[{\"@type\":\"ReadAction\",\"target\":[\"https:\/\/www.fiestaybullshit.com\/en\/lio-aterriza-en-mallorca-el-proximo-3-de-agosto-en-la-discoteca-titos\/\"]}]},{\"@type\":\"BreadcrumbList\",\"@id\":\"https:\/\/www.fiestaybullshit.com\/en\/lio-aterriza-en-mallorca-el-proximo-3-de-agosto-en-la-discoteca-titos\/#breadcrumb\",\"itemListElement\":[{\"@type\":\"ListItem\",\"position\":1,\"name\":\"Portada\",\"item\":\"https:\/\/www.fiestaybullshit.com\/en\/\"},{\"@type\":\"ListItem\",\"position\":2,\"name\":\"L\u00cdO OPENS ON AUGUST 3 IN MALLORCA.\"}]},{\"@type\":\"WebSite\",\"@id\":\"https:\/\/www.fiestaybullshit.com\/#website\",\"url\":\"https:\/\/www.fiestaybullshit.com\/\",\"name\":\"FIESTA y BULLSHIT\",\"description\":\"Magazine 3.0\",\"potentialAction\":[{\"@type\":\"SearchAction\",\"target\":{\"@type\":\"EntryPoint\",\"urlTemplate\":\"https:\/\/www.fiestaybullshit.com\/?s={search_term_string}\"},\"query-input\":\"required name=search_term_string\"}],\"inLanguage\":\"en-US\"},{\"@type\":\"Person\",\"@id\":\"https:\/\/www.fiestaybullshit.com\/#\/schema\/person\/d7a9cfeeb7d0ae4f383cee6ef929eb18\",\"name\":\"Dani\",\"image\":{\"@type\":\"ImageObject\",\"inLanguage\":\"en-US\",\"@id\":\"https:\/\/www.fiestaybullshit.com\/#\/schema\/person\/image\/\",\"url\":\"https:\/\/secure.gravatar.com\/avatar\/d2bb71e25934a17b865a0db2825fab0c?s=96&d=mm&r=g\",\"contentUrl\":\"https:\/\/secure.gravatar.com\/avatar\/d2bb71e25934a17b865a0db2825fab0c?s=96&d=mm&r=g\",\"caption\":\"Dani\"},\"url\":\"https:\/\/www.fiestaybullshit.com\/en\/author\/teo\/\"}]}<\/script>\n<!-- \/ Yoast SEO plugin. -->","yoast_head_json":{"title":"L\u00cdO OPENS ON AUGUST 3 IN MALLORCA. - FIESTA y BULLSHIT","description":"L\u00edo, the famous restaurant-cabaret raises its curtain on the island Mallorca, the upcoming 3rd of August 2023.","robots":{"index":"index","follow":"follow","max-snippet":"max-snippet:-1","max-image-preview":"max-image-preview:large","max-video-preview":"max-video-preview:-1"},"canonical":"https:\/\/www.fiestaybullshit.com\/en\/lio-aterriza-en-mallorca-el-proximo-3-de-agosto-en-la-discoteca-titos\/","og_locale":"en_US","og_type":"article","og_title":"L\u00cdO OPENS ON AUGUST 3 IN MALLORCA. - FIESTA y BULLSHIT","og_description":"L\u00edo, the famous restaurant-cabaret raises its curtain on the island Mallorca, the upcoming 3rd of August 2023.","og_url":"https:\/\/www.fiestaybullshit.com\/en\/lio-aterriza-en-mallorca-el-proximo-3-de-agosto-en-la-discoteca-titos\/","og_site_name":"FIESTA y BULLSHIT","article_published_time":"2023-06-19T16:22:13+00:00","article_modified_time":"2023-06-20T06:30:35+00:00","og_image":[{"width":1200,"height":674,"url":"https:\/\/www.fiestaybullshit.com\/wp-content\/uploads\/2023\/06\/Lio-Mallorca.png","type":"image\/png"}],"author":"Dani","twitter_misc":{"Written by":"Dani","Est. reading time":"2 minutes"},"schema":{"@context":"https:\/\/schema.org","@graph":[{"@type":"WebPage","@id":"https:\/\/www.fiestaybullshit.com\/en\/lio-aterriza-en-mallorca-el-proximo-3-de-agosto-en-la-discoteca-titos\/","url":"https:\/\/www.fiestaybullshit.com\/en\/lio-aterriza-en-mallorca-el-proximo-3-de-agosto-en-la-discoteca-titos\/","name":"L\u00cdO OPENS ON AUGUST 3 IN MALLORCA. - FIESTA y BULLSHIT","isPartOf":{"@id":"https:\/\/www.fiestaybullshit.com\/#website"},"datePublished":"2023-06-19T16:22:13+00:00","dateModified":"2023-06-20T06:30:35+00:00","author":{"@id":"https:\/\/www.fiestaybullshit.com\/#\/schema\/person\/d7a9cfeeb7d0ae4f383cee6ef929eb18"},"description":"L\u00edo, the famous restaurant-cabaret raises its curtain on the island Mallorca, the upcoming 3rd of August 2023.","breadcrumb":{"@id":"https:\/\/www.fiestaybullshit.com\/en\/lio-aterriza-en-mallorca-el-proximo-3-de-agosto-en-la-discoteca-titos\/#breadcrumb"},"inLanguage":"en-US","potentialAction":[{"@type":"ReadAction","target":["https:\/\/www.fiestaybullshit.com\/en\/lio-aterriza-en-mallorca-el-proximo-3-de-agosto-en-la-discoteca-titos\/"]}]},{"@type":"BreadcrumbList","@id":"https:\/\/www.fiestaybullshit.com\/en\/lio-aterriza-en-mallorca-el-proximo-3-de-agosto-en-la-discoteca-titos\/#breadcrumb","itemListElement":[{"@type":"ListItem","position":1,"name":"Portada","item":"https:\/\/www.fiestaybullshit.com\/en\/"},{"@type":"ListItem","position":2,"name":"L\u00cdO OPENS ON AUGUST 3 IN MALLORCA."}]},{"@type":"WebSite","@id":"https:\/\/www.fiestaybullshit.com\/#website","url":"https:\/\/www.fiestaybullshit.com\/","name":"FIESTA y BULLSHIT","description":"Magazine 3.0","potentialAction":[{"@type":"SearchAction","target":{"@type":"EntryPoint","urlTemplate":"https:\/\/www.fiestaybullshit.com\/?s={search_term_string}"},"query-input":"required name=search_term_string"}],"inLanguage":"en-US"},{"@type":"Person","@id":"https:\/\/www.fiestaybullshit.com\/#\/schema\/person\/d7a9cfeeb7d0ae4f383cee6ef929eb18","name":"Dani","image":{"@type":"ImageObject","inLanguage":"en-US","@id":"https:\/\/www.fiestaybullshit.com\/#\/schema\/person\/image\/","url":"https:\/\/secure.gravatar.com\/avatar\/d2bb71e25934a17b865a0db2825fab0c?s=96&d=mm&r=g","contentUrl":"https:\/\/secure.gravatar.com\/avatar\/d2bb71e25934a17b865a0db2825fab0c?s=96&d=mm&r=g","caption":"Dani"},"url":"https:\/\/www.fiestaybullshit.com\/en\/author\/teo\/"}]}},"_links":{"self":[{"href":"https:\/\/www.fiestaybullshit.com\/en\/wp-json\/wp\/v2\/posts\/48237"}],"collection":[{"href":"https:\/\/www.fiestaybullshit.com\/en\/wp-json\/wp\/v2\/posts"}],"about":[{"href":"https:\/\/www.fiestaybullshit.com\/en\/wp-json\/wp\/v2\/types\/post"}],"author":[{"embeddable":true,"href":"https:\/\/www.fiestaybullshit.com\/en\/wp-json\/wp\/v2\/users\/2"}],"replies":[{"embeddable":true,"href":"https:\/\/www.fiestaybullshit.com\/en\/wp-json\/wp\/v2\/comments?post=48237"}],"version-history":[{"count":2,"href":"https:\/\/www.fiestaybullshit.com\/en\/wp-json\/wp\/v2\/posts\/48237\/revisions"}],"predecessor-version":[{"id":48238,"href":"https:\/\/www.fiestaybullshit.com\/en\/wp-json\/wp\/v2\/posts\/48237\/revisions\/48238"}],"wp:featuredmedia":[{"embeddable":true,"href":"https:\/\/www.fiestaybullshit.com\/en\/wp-json\/wp\/v2\/media\/48235"}],"wp:attachment":[{"href":"https:\/\/www.fiestaybullshit.com\/en\/wp-json\/wp\/v2\/media?parent=48237"}],"wp:term":[{"taxonomy":"category","embeddable":true,"href":"https:\/\/www.fiestaybullshit.com\/en\/wp-json\/wp\/v2\/categories?post=48237"},{"taxonomy":"post_tag","embeddable":true,"href":"https:\/\/www.fiestaybullshit.com\/en\/wp-json\/wp\/v2\/tags?post=48237"}],"curies":[{"name":"wp","href":"https:\/\/api.w.org\/{rel}","templated":true}]}}