{"id":52078,"date":"2024-03-19T07:46:23","date_gmt":"2024-03-19T07:46:23","guid":{"rendered":"https:\/\/www.fiestaybullshit.com\/?p=52078"},"modified":"2024-03-19T07:46:23","modified_gmt":"2024-03-19T07:46:23","slug":"hi-ibiza-hosting-the-vibrant-ibiza-inclusion-fashion-day-charity-show-in-its-fourth-edition","status":"publish","type":"post","link":"https:\/\/www.fiestaybullshit.com\/en\/hi-ibiza-hosting-the-vibrant-ibiza-inclusion-fashion-day-charity-show-in-its-fourth-edition\/","title":{"rendered":"H\u00cf IBIZA HOSTING THE VIBRANT IBIZA INCLUSION FASHION DAY CHARITY SHOW IN ITS FOURTH EDITION."},"content":{"rendered":"<p>Following the huge success of the previous edition, <strong>Ibiza Inclusion Events<\/strong> and <strong>H\u00ef Ibiza<\/strong> have joined forces again to celebrate Ibiza Inclusion <strong>Fashion Day<\/strong>, the world&#8217;s first 100% inclusive runway show, committed to giving visibility to people with functional diversity and the island&#8217;s most vulnerable groups. This collaboration aims to raise awareness about the existing gap in rights and opportunities still present today.<\/p>\n<p>Since its inception in Ibiza in 2019, this integrating movement has become the annual international reference runway show, with presence in different cities and countries. H\u00ef Ibiza, the most technologically advanced club and recognized as the best club in the world by the specialized magazine DJ Mag in 2022 and 2023, contributes to a new era of global club culture through continuous innovation, merging fashion, live music, technology, and avant-garde while supporting, among other social initiatives and major events like Ibiza Inclusion Fashion Day.<\/p>\n<p><strong>Yann Pissenem<\/strong> (Founder, CEO &amp; Owner of Ushua\u00efa Entertainment, Ushua\u00efa &amp; H\u00ef Ibiza), states: <em>&#8220;At H\u00ef Ibiza, we enthusiastically embrace the spirit of inclusion and diversity represented by Ibiza Inclusion Fashion Day. We are thrilled to host an event whose values we deeply identify with. We look forward to welcoming back the talented designers, artists, and especially the models and members of ADDIF. This event goes beyond fashion; it&#8217;s a call to the Ibiza community to join in building a fairer and more supportive society. Let&#8217;s demonstrate together that our collaboration can create a more inclusive future for everyone.&#8221;<\/em><\/p>\n<p>The groups and designers involved in this event aim not only to dazzle with their art but also to contribute to positive change, proving that true beauty lies in diversity and inclusion. This year, the organization continues the legacy of previous editions, presenting new faces and stories that promise to inspire and move the audience. All proceeds will be donated in full to ADDIF, reaffirming the initiative&#8217;s commitment to inclusion and adaptive sports in Ibiza and Formentera.<\/p>\n<p>This charitable event seeks to showcase the beauty of diversity through fashion, featuring creations from great designers, music, audiovisual art, and attendance by notable personalities from the worlds of fashion, culture, and communication, such as the godmother of this movement, journalist and psychologist Irene Villa, who will also serve as the master of ceremonies during the runway show. The <strong>IV Edition of Ibiza Inclusion Fashion Day<\/strong> is proud to present both outstanding and emerging designers, whose collections are not only an expression of creativity and unique style but also a manifesto of solidarity and inclusion.<\/p>\n<p><strong>Myriam Mart\u00edn<\/strong>, president of ADDIF, states: <em>\u201cOn behalf of ADDIF, the Association for Adapted Sport of Ibiza and Formentera, we are grateful to be part, once again, of the inclusive fashion show organized by H\u00ef Ibiza, an innovative and enriching event for all participants and attendees. Our users feel satisfied as these types of events allow them to expand their social relationships with people both with and without functional diversity and their equal rights within society. After four years of participation, most have gained more confidence and style in showcasing the designs on the runway, making this edition yet another success, all thanks to the H\u00ef Ibiza group.\u201d<\/em><\/p>\n<p><em>&#8220;Returning to what we now feel as our home at H\u00ef Ibiza, we can only express our joy and gratitude towards the incredible human and professional team that welcomes us year after year,&#8221; <\/em>begins <strong>Enrique Villena<\/strong>, co-founder of Ibiza Inclusion Fashion Day and renowned entrepreneur and model. <em>&#8220;This collaboration has proven to be a powerful force for advancing social inclusion, and we are excited to see how the synergy between Ibiza Inclusion and H\u00ef Ibiza continues to evolve, taking this important message further each time.&#8221;<\/em><\/p>\n<p><strong>Emma Torres<\/strong>, also a co-founder and key figure in the fight for inclusion, educational psychologist, therapeutic pedagogue, and Miss Empress Universe 2018, adds: <em>&#8220;It&#8217;s truly inspiring to return to H\u00ef Ibiza, a place that has become a pillar of support for our movement. Each edition brings us closer to a world where inclusion is not just an ideal, but a lived reality. Together, we are making a difference, inviting more people to join our cause. Because we firmly believe that inclusion belongs to everyone, and everyone deserves a place in society.&#8221;<\/em><\/p>\n<p>As part of the Ibiza Inclusion Tour, which this year holds the second edition in C\u00f3rdoba and the first in Fuengirola, the IV edition of Ibiza Inclusion Fashion Day will feature representatives from other cities such as the Vice President of the Provincial Council of C\u00f3rdoba and representatives from the Fuengirola City Council.<\/p>\n<p><img decoding=\"async\" loading=\"lazy\" class=\"aligncenter size-full wp-image-52079\" src=\"https:\/\/www.fiestaybullshit.com\/wp-content\/uploads\/2024\/03\/2024_HI_IBIZAFASHIONDAY_1920X1080PX.jpg\" alt=\"\" width=\"1920\" height=\"1080\" srcset=\"https:\/\/www.fiestaybullshit.com\/wp-content\/uploads\/2024\/03\/2024_HI_IBIZAFASHIONDAY_1920X1080PX.jpg 1920w, https:\/\/www.fiestaybullshit.com\/wp-content\/uploads\/2024\/03\/2024_HI_IBIZAFASHIONDAY_1920X1080PX-300x169.jpg 300w, https:\/\/www.fiestaybullshit.com\/wp-content\/uploads\/2024\/03\/2024_HI_IBIZAFASHIONDAY_1920X1080PX-1100x619.jpg 1100w, https:\/\/www.fiestaybullshit.com\/wp-content\/uploads\/2024\/03\/2024_HI_IBIZAFASHIONDAY_1920X1080PX-150x84.jpg 150w, https:\/\/www.fiestaybullshit.com\/wp-content\/uploads\/2024\/03\/2024_HI_IBIZAFASHIONDAY_1920X1080PX-768x432.jpg 768w, https:\/\/www.fiestaybullshit.com\/wp-content\/uploads\/2024\/03\/2024_HI_IBIZAFASHIONDAY_1920X1080PX-1536x864.jpg 1536w, https:\/\/www.fiestaybullshit.com\/wp-content\/uploads\/2024\/03\/2024_HI_IBIZAFASHIONDAY_1920X1080PX-650x366.jpg 650w, https:\/\/www.fiestaybullshit.com\/wp-content\/uploads\/2024\/03\/2024_HI_IBIZAFASHIONDAY_1920X1080PX-1156x650.jpg 1156w\" sizes=\"(max-width: 1920px) 100vw, 1920px\" \/><\/p>\n","protected":false},"excerpt":{"rendered":"<p>Following the huge success of the previous edition, Ibiza Inclusion Events and H\u00ef Ibiza have joined forces again to celebrate Ibiza Inclusion Fashion Day, the world&#8217;s first 100% inclusive runway show, committed to giving visibility to people with functional diversity and the island&#8217;s most vulnerable groups. This collaboration aims to raise awareness about the existing [&hellip;]<\/p>\n","protected":false},"author":2,"featured_media":52081,"comment_status":"closed","ping_status":"open","sticky":false,"template":"","format":"standard","meta":[],"categories":[109],"tags":[],"yoast_head":"<!-- This site is optimized with the Yoast SEO plugin v21.8 - https:\/\/yoast.com\/wordpress\/plugins\/seo\/ -->\n<title>H\u00cf IBIZA HOSTING THE VIBRANT IBIZA INCLUSION FASHION DAY CHARITY SHOW IN ITS FOURTH EDITION. - FIESTA y BULLSHIT<\/title>\n<meta name=\"description\" content=\"Ibiza Inclusion Events and H\u00ef Ibiza have joined forces again to celebrate Ibiza Inclusion Fashion Day\" \/>\n<meta name=\"robots\" content=\"index, follow, max-snippet:-1, max-image-preview:large, max-video-preview:-1\" \/>\n<link rel=\"canonical\" href=\"https:\/\/www.fiestaybullshit.com\/en\/hi-ibiza-hosting-the-vibrant-ibiza-inclusion-fashion-day-charity-show-in-its-fourth-edition\/\" \/>\n<meta property=\"og:locale\" content=\"en_US\" \/>\n<meta property=\"og:type\" content=\"article\" \/>\n<meta property=\"og:title\" content=\"H\u00cf IBIZA HOSTING THE VIBRANT IBIZA INCLUSION FASHION DAY CHARITY SHOW IN ITS FOURTH EDITION. - FIESTA y BULLSHIT\" \/>\n<meta property=\"og:description\" content=\"Ibiza Inclusion Events and H\u00ef Ibiza have joined forces again to celebrate Ibiza Inclusion Fashion Day\" \/>\n<meta property=\"og:url\" content=\"https:\/\/www.fiestaybullshit.com\/en\/hi-ibiza-hosting-the-vibrant-ibiza-inclusion-fashion-day-charity-show-in-its-fourth-edition\/\" \/>\n<meta property=\"og:site_name\" content=\"FIESTA y BULLSHIT\" \/>\n<meta property=\"article:published_time\" content=\"2024-03-19T07:46:23+00:00\" \/>\n<meta property=\"og:image\" content=\"https:\/\/www.fiestaybullshit.com\/wp-content\/uploads\/2024\/03\/HI-ibiza.png\" \/>\n\t<meta property=\"og:image:width\" content=\"1200\" \/>\n\t<meta property=\"og:image:height\" content=\"674\" \/>\n\t<meta property=\"og:image:type\" content=\"image\/png\" \/>\n<meta name=\"author\" content=\"Dani\" \/>\n<meta name=\"twitter:label1\" content=\"Written by\" \/>\n\t<meta name=\"twitter:data1\" content=\"Dani\" \/>\n\t<meta name=\"twitter:label2\" content=\"Est. reading time\" \/>\n\t<meta name=\"twitter:data2\" content=\"4 minutes\" \/>\n<script type=\"application\/ld+json\" class=\"yoast-schema-graph\">{\"@context\":\"https:\/\/schema.org\",\"@graph\":[{\"@type\":\"WebPage\",\"@id\":\"https:\/\/www.fiestaybullshit.com\/en\/hi-ibiza-hosting-the-vibrant-ibiza-inclusion-fashion-day-charity-show-in-its-fourth-edition\/\",\"url\":\"https:\/\/www.fiestaybullshit.com\/en\/hi-ibiza-hosting-the-vibrant-ibiza-inclusion-fashion-day-charity-show-in-its-fourth-edition\/\",\"name\":\"H\u00cf IBIZA HOSTING THE VIBRANT IBIZA INCLUSION FASHION DAY CHARITY SHOW IN ITS FOURTH EDITION. - FIESTA y BULLSHIT\",\"isPartOf\":{\"@id\":\"https:\/\/www.fiestaybullshit.com\/#website\"},\"datePublished\":\"2024-03-19T07:46:23+00:00\",\"dateModified\":\"2024-03-19T07:46:23+00:00\",\"author\":{\"@id\":\"https:\/\/www.fiestaybullshit.com\/#\/schema\/person\/d7a9cfeeb7d0ae4f383cee6ef929eb18\"},\"description\":\"Ibiza Inclusion Events and H\u00ef Ibiza have joined forces again to celebrate Ibiza Inclusion Fashion Day\",\"breadcrumb\":{\"@id\":\"https:\/\/www.fiestaybullshit.com\/en\/hi-ibiza-hosting-the-vibrant-ibiza-inclusion-fashion-day-charity-show-in-its-fourth-edition\/#breadcrumb\"},\"inLanguage\":\"en-US\",\"potentialAction\":[{\"@type\":\"ReadAction\",\"target\":[\"https:\/\/www.fiestaybullshit.com\/en\/hi-ibiza-hosting-the-vibrant-ibiza-inclusion-fashion-day-charity-show-in-its-fourth-edition\/\"]}]},{\"@type\":\"BreadcrumbList\",\"@id\":\"https:\/\/www.fiestaybullshit.com\/en\/hi-ibiza-hosting-the-vibrant-ibiza-inclusion-fashion-day-charity-show-in-its-fourth-edition\/#breadcrumb\",\"itemListElement\":[{\"@type\":\"ListItem\",\"position\":1,\"name\":\"Portada\",\"item\":\"https:\/\/www.fiestaybullshit.com\/en\/\"},{\"@type\":\"ListItem\",\"position\":2,\"name\":\"H\u00cf IBIZA HOSTING THE VIBRANT IBIZA INCLUSION FASHION DAY CHARITY SHOW IN ITS FOURTH EDITION.\"}]},{\"@type\":\"WebSite\",\"@id\":\"https:\/\/www.fiestaybullshit.com\/#website\",\"url\":\"https:\/\/www.fiestaybullshit.com\/\",\"name\":\"FIESTA y BULLSHIT\",\"description\":\"Magazine 3.0\",\"potentialAction\":[{\"@type\":\"SearchAction\",\"target\":{\"@type\":\"EntryPoint\",\"urlTemplate\":\"https:\/\/www.fiestaybullshit.com\/?s={search_term_string}\"},\"query-input\":\"required name=search_term_string\"}],\"inLanguage\":\"en-US\"},{\"@type\":\"Person\",\"@id\":\"https:\/\/www.fiestaybullshit.com\/#\/schema\/person\/d7a9cfeeb7d0ae4f383cee6ef929eb18\",\"name\":\"Dani\",\"image\":{\"@type\":\"ImageObject\",\"inLanguage\":\"en-US\",\"@id\":\"https:\/\/www.fiestaybullshit.com\/#\/schema\/person\/image\/\",\"url\":\"https:\/\/secure.gravatar.com\/avatar\/d2bb71e25934a17b865a0db2825fab0c?s=96&d=mm&r=g\",\"contentUrl\":\"https:\/\/secure.gravatar.com\/avatar\/d2bb71e25934a17b865a0db2825fab0c?s=96&d=mm&r=g\",\"caption\":\"Dani\"},\"url\":\"https:\/\/www.fiestaybullshit.com\/en\/author\/teo\/\"}]}<\/script>\n<!-- \/ Yoast SEO plugin. -->","yoast_head_json":{"title":"H\u00cf IBIZA HOSTING THE VIBRANT IBIZA INCLUSION FASHION DAY CHARITY SHOW IN ITS FOURTH EDITION. - FIESTA y BULLSHIT","description":"Ibiza Inclusion Events and H\u00ef Ibiza have joined forces again to celebrate Ibiza Inclusion Fashion Day","robots":{"index":"index","follow":"follow","max-snippet":"max-snippet:-1","max-image-preview":"max-image-preview:large","max-video-preview":"max-video-preview:-1"},"canonical":"https:\/\/www.fiestaybullshit.com\/en\/hi-ibiza-hosting-the-vibrant-ibiza-inclusion-fashion-day-charity-show-in-its-fourth-edition\/","og_locale":"en_US","og_type":"article","og_title":"H\u00cf IBIZA HOSTING THE VIBRANT IBIZA INCLUSION FASHION DAY CHARITY SHOW IN ITS FOURTH EDITION. - FIESTA y BULLSHIT","og_description":"Ibiza Inclusion Events and H\u00ef Ibiza have joined forces again to celebrate Ibiza Inclusion Fashion Day","og_url":"https:\/\/www.fiestaybullshit.com\/en\/hi-ibiza-hosting-the-vibrant-ibiza-inclusion-fashion-day-charity-show-in-its-fourth-edition\/","og_site_name":"FIESTA y BULLSHIT","article_published_time":"2024-03-19T07:46:23+00:00","og_image":[{"width":1200,"height":674,"url":"https:\/\/www.fiestaybullshit.com\/wp-content\/uploads\/2024\/03\/HI-ibiza.png","type":"image\/png"}],"author":"Dani","twitter_misc":{"Written by":"Dani","Est. reading time":"4 minutes"},"schema":{"@context":"https:\/\/schema.org","@graph":[{"@type":"WebPage","@id":"https:\/\/www.fiestaybullshit.com\/en\/hi-ibiza-hosting-the-vibrant-ibiza-inclusion-fashion-day-charity-show-in-its-fourth-edition\/","url":"https:\/\/www.fiestaybullshit.com\/en\/hi-ibiza-hosting-the-vibrant-ibiza-inclusion-fashion-day-charity-show-in-its-fourth-edition\/","name":"H\u00cf IBIZA HOSTING THE VIBRANT IBIZA INCLUSION FASHION DAY CHARITY SHOW IN ITS FOURTH EDITION. - FIESTA y BULLSHIT","isPartOf":{"@id":"https:\/\/www.fiestaybullshit.com\/#website"},"datePublished":"2024-03-19T07:46:23+00:00","dateModified":"2024-03-19T07:46:23+00:00","author":{"@id":"https:\/\/www.fiestaybullshit.com\/#\/schema\/person\/d7a9cfeeb7d0ae4f383cee6ef929eb18"},"description":"Ibiza Inclusion Events and H\u00ef Ibiza have joined forces again to celebrate Ibiza Inclusion Fashion Day","breadcrumb":{"@id":"https:\/\/www.fiestaybullshit.com\/en\/hi-ibiza-hosting-the-vibrant-ibiza-inclusion-fashion-day-charity-show-in-its-fourth-edition\/#breadcrumb"},"inLanguage":"en-US","potentialAction":[{"@type":"ReadAction","target":["https:\/\/www.fiestaybullshit.com\/en\/hi-ibiza-hosting-the-vibrant-ibiza-inclusion-fashion-day-charity-show-in-its-fourth-edition\/"]}]},{"@type":"BreadcrumbList","@id":"https:\/\/www.fiestaybullshit.com\/en\/hi-ibiza-hosting-the-vibrant-ibiza-inclusion-fashion-day-charity-show-in-its-fourth-edition\/#breadcrumb","itemListElement":[{"@type":"ListItem","position":1,"name":"Portada","item":"https:\/\/www.fiestaybullshit.com\/en\/"},{"@type":"ListItem","position":2,"name":"H\u00cf IBIZA HOSTING THE VIBRANT IBIZA INCLUSION FASHION DAY CHARITY SHOW IN ITS FOURTH EDITION."}]},{"@type":"WebSite","@id":"https:\/\/www.fiestaybullshit.com\/#website","url":"https:\/\/www.fiestaybullshit.com\/","name":"FIESTA y BULLSHIT","description":"Magazine 3.0","potentialAction":[{"@type":"SearchAction","target":{"@type":"EntryPoint","urlTemplate":"https:\/\/www.fiestaybullshit.com\/?s={search_term_string}"},"query-input":"required name=search_term_string"}],"inLanguage":"en-US"},{"@type":"Person","@id":"https:\/\/www.fiestaybullshit.com\/#\/schema\/person\/d7a9cfeeb7d0ae4f383cee6ef929eb18","name":"Dani","image":{"@type":"ImageObject","inLanguage":"en-US","@id":"https:\/\/www.fiestaybullshit.com\/#\/schema\/person\/image\/","url":"https:\/\/secure.gravatar.com\/avatar\/d2bb71e25934a17b865a0db2825fab0c?s=96&d=mm&r=g","contentUrl":"https:\/\/secure.gravatar.com\/avatar\/d2bb71e25934a17b865a0db2825fab0c?s=96&d=mm&r=g","caption":"Dani"},"url":"https:\/\/www.fiestaybullshit.com\/en\/author\/teo\/"}]}},"_links":{"self":[{"href":"https:\/\/www.fiestaybullshit.com\/en\/wp-json\/wp\/v2\/posts\/52078"}],"collection":[{"href":"https:\/\/www.fiestaybullshit.com\/en\/wp-json\/wp\/v2\/posts"}],"about":[{"href":"https:\/\/www.fiestaybullshit.com\/en\/wp-json\/wp\/v2\/types\/post"}],"author":[{"embeddable":true,"href":"https:\/\/www.fiestaybullshit.com\/en\/wp-json\/wp\/v2\/users\/2"}],"replies":[{"embeddable":true,"href":"https:\/\/www.fiestaybullshit.com\/en\/wp-json\/wp\/v2\/comments?post=52078"}],"version-history":[{"count":1,"href":"https:\/\/www.fiestaybullshit.com\/en\/wp-json\/wp\/v2\/posts\/52078\/revisions"}],"predecessor-version":[{"id":52083,"href":"https:\/\/www.fiestaybullshit.com\/en\/wp-json\/wp\/v2\/posts\/52078\/revisions\/52083"}],"wp:featuredmedia":[{"embeddable":true,"href":"https:\/\/www.fiestaybullshit.com\/en\/wp-json\/wp\/v2\/media\/52081"}],"wp:attachment":[{"href":"https:\/\/www.fiestaybullshit.com\/en\/wp-json\/wp\/v2\/media?parent=52078"}],"wp:term":[{"taxonomy":"category","embeddable":true,"href":"https:\/\/www.fiestaybullshit.com\/en\/wp-json\/wp\/v2\/categories?post=52078"},{"taxonomy":"post_tag","embeddable":true,"href":"https:\/\/www.fiestaybullshit.com\/en\/wp-json\/wp\/v2\/tags?post=52078"}],"curies":[{"name":"wp","href":"https:\/\/api.w.org\/{rel}","templated":true}]}}