{"id":60293,"date":"2025-05-07T06:52:34","date_gmt":"2025-05-07T06:52:34","guid":{"rendered":"https:\/\/www.fiestaybullshit.com\/armin-van-buuren-inaugurara-su-residencia-ushuaia-ibiza-con-un-set-de-6-horas-de-apertura-a-cierre\/"},"modified":"2025-05-07T06:55:55","modified_gmt":"2025-05-07T06:55:55","slug":"armin-van-buuren-inaugurara-su-residencia-ushuaia-ibiza-con-un-set-de-6-horas-de-apertura-a-cierre","status":"publish","type":"post","link":"https:\/\/www.fiestaybullshit.com\/en\/armin-van-buuren-inaugurara-su-residencia-ushuaia-ibiza-con-un-set-de-6-horas-de-apertura-a-cierre\/","title":{"rendered":"ARMIN VAN BUUREN TO OPEN USHUA\u00cfA IBIZA RESIDENCY WITH RARE AND HIGHLY ANTICIPATED 6-HOUR OPEN-TO-CLOSE SET."},"content":{"rendered":"<p class=\"p1\">Global dance music icon <strong>Armin van Buuren<\/strong> will launch his 2025 <strong>Ushua\u00efa Ibiza<\/strong> residency with something truly special: a <strong>rare 6-hour open to close set<\/strong> on <strong>Sunday, June 8<\/strong>. Known for delivering tightly crafted performances across the world\u2019s biggest stages, Armin will take full control of the night from <strong>05.00 PM &#8211; 11.00 PM<\/strong> offering fans a deep, immersive journey through his sound \u2013 from first beat to last. The extended set is a long-standing request from fans, making this night even more anticipated.<\/p>\n<p class=\"p1\">Known for his explosive festival sets and world-class production, Armin is taking things to the next level, curating an extended musical journey that spans his classics, fresh new sounds, and hidden gems.<\/p>\n<p class=\"p1\"><i>\u201cI don\u2019t do open-to-close sets often,\u201d Armin van Buuren says, \u201cbut when I do, it\u2019s because the moment calls for it. Ushua\u00efa Ibiza is one of the most iconic venues in the world, and Ibiza holds a special place in my heart. Kicking off the summer with an extended solo set there feels like the perfect way to begin the season.\u201d<\/i><\/p>\n<p class=\"p1\">The residency will run across nine dates, with shows <strong>every Sunday from June 8 to July 6<\/strong>, and returning for a second run from <strong>September 7 to September 28<\/strong>. Each week will showcase an exciting lineup of standout artists and longtime collaborators. This year\u2019s guests have just been announced, including, <b>Cosmic Gate, D.O.D., Lilly Palmer, Marlon Hoffstadt, Massano, Oliver Heldens, Vini Vici<\/b> and many more, delivering a dynamic blend of trance,progressive,and mainstage energy to Ushua\u00efa Ibiza legendary stage and its dance music lovers from around the globe. A one-night-only experience that fans won\u2019t want to miss.<\/p>\n<p class=\"p1\"><b>Tickets available <\/b><a href=\"http:\/\/theushuaiaexperience.com\"><strong><span style=\"text-decoration: underline;\">here<\/span><\/strong><\/a><\/p>\n<p><img decoding=\"async\" loading=\"lazy\" class=\"aligncenter size-full wp-image-60288\" src=\"https:\/\/www.fiestaybullshit.com\/wp-content\/uploads\/2025\/05\/2025-ui-armin-claim-1920x1080px.jpg\" alt=\"\" width=\"1920\" height=\"1080\" srcset=\"https:\/\/www.fiestaybullshit.com\/wp-content\/uploads\/2025\/05\/2025-ui-armin-claim-1920x1080px.jpg 1920w, https:\/\/www.fiestaybullshit.com\/wp-content\/uploads\/2025\/05\/2025-ui-armin-claim-1920x1080px-800x450.jpg 800w, https:\/\/www.fiestaybullshit.com\/wp-content\/uploads\/2025\/05\/2025-ui-armin-claim-1920x1080px-1100x619.jpg 1100w, https:\/\/www.fiestaybullshit.com\/wp-content\/uploads\/2025\/05\/2025-ui-armin-claim-1920x1080px-768x432.jpg 768w, https:\/\/www.fiestaybullshit.com\/wp-content\/uploads\/2025\/05\/2025-ui-armin-claim-1920x1080px-1536x864.jpg 1536w\" sizes=\"(max-width: 1920px) 100vw, 1920px\" \/><\/p>\n","protected":false},"excerpt":{"rendered":"<p>Global dance music icon Armin van Buuren will launch his 2025 Ushua\u00efa Ibiza residency with something truly special: a rare 6-hour open to close set on Sunday, June 8. Known for delivering tightly crafted performances across the world\u2019s biggest stages, Armin will take full control of the night from 05.00 PM &#8211; 11.00 PM offering [&hellip;]<\/p>\n","protected":false},"author":2,"featured_media":60291,"comment_status":"closed","ping_status":"open","sticky":false,"template":"","format":"standard","meta":[],"categories":[109],"tags":[],"yoast_head":"<!-- This site is optimized with the Yoast SEO plugin v21.8 - https:\/\/yoast.com\/wordpress\/plugins\/seo\/ -->\n<title>ARMIN VAN BUUREN TO OPEN USHUA\u00cfA IBIZA RESIDENCY WITH RARE AND HIGHLY ANTICIPATED 6-HOUR OPEN-TO-CLOSE SET. - FIESTA y BULLSHIT<\/title>\n<meta name=\"description\" content=\"Armin van Buuren inaugurar\u00e1 su residencia 2025 en Ushua\u00efa Ibiza con un set de seis horas de apertura a cierre, el pr\u00f3ximo domingo 8 de junio.\" \/>\n<meta name=\"robots\" content=\"index, follow, max-snippet:-1, max-image-preview:large, max-video-preview:-1\" \/>\n<link rel=\"canonical\" href=\"https:\/\/www.fiestaybullshit.com\/en\/armin-van-buuren-inaugurara-su-residencia-ushuaia-ibiza-con-un-set-de-6-horas-de-apertura-a-cierre\/\" \/>\n<meta property=\"og:locale\" content=\"en_US\" \/>\n<meta property=\"og:type\" content=\"article\" \/>\n<meta property=\"og:title\" content=\"ARMIN VAN BUUREN TO OPEN USHUA\u00cfA IBIZA RESIDENCY WITH RARE AND HIGHLY ANTICIPATED 6-HOUR OPEN-TO-CLOSE SET. - FIESTA y BULLSHIT\" \/>\n<meta property=\"og:description\" content=\"Armin van Buuren inaugurar\u00e1 su residencia 2025 en Ushua\u00efa Ibiza con un set de seis horas de apertura a cierre, el pr\u00f3ximo domingo 8 de junio.\" \/>\n<meta property=\"og:url\" content=\"https:\/\/www.fiestaybullshit.com\/en\/armin-van-buuren-inaugurara-su-residencia-ushuaia-ibiza-con-un-set-de-6-horas-de-apertura-a-cierre\/\" \/>\n<meta property=\"og:site_name\" content=\"FIESTA y BULLSHIT\" \/>\n<meta property=\"article:published_time\" content=\"2025-05-07T06:52:34+00:00\" \/>\n<meta property=\"article:modified_time\" content=\"2025-05-07T06:55:55+00:00\" \/>\n<meta property=\"og:image\" content=\"https:\/\/www.fiestaybullshit.com\/wp-content\/uploads\/2025\/05\/armin-van-buuren.png\" \/>\n\t<meta property=\"og:image:width\" content=\"1200\" \/>\n\t<meta property=\"og:image:height\" content=\"674\" \/>\n\t<meta property=\"og:image:type\" content=\"image\/png\" \/>\n<meta name=\"author\" content=\"Dani\" \/>\n<meta name=\"twitter:label1\" content=\"Written by\" \/>\n\t<meta name=\"twitter:data1\" content=\"Dani\" \/>\n\t<meta name=\"twitter:label2\" content=\"Est. reading time\" \/>\n\t<meta name=\"twitter:data2\" content=\"2 minutes\" \/>\n<script type=\"application\/ld+json\" class=\"yoast-schema-graph\">{\"@context\":\"https:\/\/schema.org\",\"@graph\":[{\"@type\":\"WebPage\",\"@id\":\"https:\/\/www.fiestaybullshit.com\/en\/armin-van-buuren-inaugurara-su-residencia-ushuaia-ibiza-con-un-set-de-6-horas-de-apertura-a-cierre\/\",\"url\":\"https:\/\/www.fiestaybullshit.com\/en\/armin-van-buuren-inaugurara-su-residencia-ushuaia-ibiza-con-un-set-de-6-horas-de-apertura-a-cierre\/\",\"name\":\"ARMIN VAN BUUREN TO OPEN USHUA\u00cfA IBIZA RESIDENCY WITH RARE AND HIGHLY ANTICIPATED 6-HOUR OPEN-TO-CLOSE SET. - FIESTA y BULLSHIT\",\"isPartOf\":{\"@id\":\"https:\/\/www.fiestaybullshit.com\/#website\"},\"datePublished\":\"2025-05-07T06:52:34+00:00\",\"dateModified\":\"2025-05-07T06:55:55+00:00\",\"author\":{\"@id\":\"https:\/\/www.fiestaybullshit.com\/#\/schema\/person\/d7a9cfeeb7d0ae4f383cee6ef929eb18\"},\"description\":\"Armin van Buuren inaugurar\u00e1 su residencia 2025 en Ushua\u00efa Ibiza con un set de seis horas de apertura a cierre, el pr\u00f3ximo domingo 8 de junio.\",\"breadcrumb\":{\"@id\":\"https:\/\/www.fiestaybullshit.com\/en\/armin-van-buuren-inaugurara-su-residencia-ushuaia-ibiza-con-un-set-de-6-horas-de-apertura-a-cierre\/#breadcrumb\"},\"inLanguage\":\"en-US\",\"potentialAction\":[{\"@type\":\"ReadAction\",\"target\":[\"https:\/\/www.fiestaybullshit.com\/en\/armin-van-buuren-inaugurara-su-residencia-ushuaia-ibiza-con-un-set-de-6-horas-de-apertura-a-cierre\/\"]}]},{\"@type\":\"BreadcrumbList\",\"@id\":\"https:\/\/www.fiestaybullshit.com\/en\/armin-van-buuren-inaugurara-su-residencia-ushuaia-ibiza-con-un-set-de-6-horas-de-apertura-a-cierre\/#breadcrumb\",\"itemListElement\":[{\"@type\":\"ListItem\",\"position\":1,\"name\":\"Portada\",\"item\":\"https:\/\/www.fiestaybullshit.com\/en\/\"},{\"@type\":\"ListItem\",\"position\":2,\"name\":\"ARMIN VAN BUUREN TO OPEN USHUA\u00cfA IBIZA RESIDENCY WITH RARE AND HIGHLY ANTICIPATED 6-HOUR OPEN-TO-CLOSE SET.\"}]},{\"@type\":\"WebSite\",\"@id\":\"https:\/\/www.fiestaybullshit.com\/#website\",\"url\":\"https:\/\/www.fiestaybullshit.com\/\",\"name\":\"FIESTA y BULLSHIT\",\"description\":\"Magazine 3.0\",\"potentialAction\":[{\"@type\":\"SearchAction\",\"target\":{\"@type\":\"EntryPoint\",\"urlTemplate\":\"https:\/\/www.fiestaybullshit.com\/?s={search_term_string}\"},\"query-input\":\"required name=search_term_string\"}],\"inLanguage\":\"en-US\"},{\"@type\":\"Person\",\"@id\":\"https:\/\/www.fiestaybullshit.com\/#\/schema\/person\/d7a9cfeeb7d0ae4f383cee6ef929eb18\",\"name\":\"Dani\",\"image\":{\"@type\":\"ImageObject\",\"inLanguage\":\"en-US\",\"@id\":\"https:\/\/www.fiestaybullshit.com\/#\/schema\/person\/image\/\",\"url\":\"https:\/\/secure.gravatar.com\/avatar\/d2bb71e25934a17b865a0db2825fab0c?s=96&d=mm&r=g\",\"contentUrl\":\"https:\/\/secure.gravatar.com\/avatar\/d2bb71e25934a17b865a0db2825fab0c?s=96&d=mm&r=g\",\"caption\":\"Dani\"},\"url\":\"https:\/\/www.fiestaybullshit.com\/en\/author\/teo\/\"}]}<\/script>\n<!-- \/ Yoast SEO plugin. -->","yoast_head_json":{"title":"ARMIN VAN BUUREN TO OPEN USHUA\u00cfA IBIZA RESIDENCY WITH RARE AND HIGHLY ANTICIPATED 6-HOUR OPEN-TO-CLOSE SET. - FIESTA y BULLSHIT","description":"Armin van Buuren inaugurar\u00e1 su residencia 2025 en Ushua\u00efa Ibiza con un set de seis horas de apertura a cierre, el pr\u00f3ximo domingo 8 de junio.","robots":{"index":"index","follow":"follow","max-snippet":"max-snippet:-1","max-image-preview":"max-image-preview:large","max-video-preview":"max-video-preview:-1"},"canonical":"https:\/\/www.fiestaybullshit.com\/en\/armin-van-buuren-inaugurara-su-residencia-ushuaia-ibiza-con-un-set-de-6-horas-de-apertura-a-cierre\/","og_locale":"en_US","og_type":"article","og_title":"ARMIN VAN BUUREN TO OPEN USHUA\u00cfA IBIZA RESIDENCY WITH RARE AND HIGHLY ANTICIPATED 6-HOUR OPEN-TO-CLOSE SET. - FIESTA y BULLSHIT","og_description":"Armin van Buuren inaugurar\u00e1 su residencia 2025 en Ushua\u00efa Ibiza con un set de seis horas de apertura a cierre, el pr\u00f3ximo domingo 8 de junio.","og_url":"https:\/\/www.fiestaybullshit.com\/en\/armin-van-buuren-inaugurara-su-residencia-ushuaia-ibiza-con-un-set-de-6-horas-de-apertura-a-cierre\/","og_site_name":"FIESTA y BULLSHIT","article_published_time":"2025-05-07T06:52:34+00:00","article_modified_time":"2025-05-07T06:55:55+00:00","og_image":[{"width":1200,"height":674,"url":"https:\/\/www.fiestaybullshit.com\/wp-content\/uploads\/2025\/05\/armin-van-buuren.png","type":"image\/png"}],"author":"Dani","twitter_misc":{"Written by":"Dani","Est. reading time":"2 minutes"},"schema":{"@context":"https:\/\/schema.org","@graph":[{"@type":"WebPage","@id":"https:\/\/www.fiestaybullshit.com\/en\/armin-van-buuren-inaugurara-su-residencia-ushuaia-ibiza-con-un-set-de-6-horas-de-apertura-a-cierre\/","url":"https:\/\/www.fiestaybullshit.com\/en\/armin-van-buuren-inaugurara-su-residencia-ushuaia-ibiza-con-un-set-de-6-horas-de-apertura-a-cierre\/","name":"ARMIN VAN BUUREN TO OPEN USHUA\u00cfA IBIZA RESIDENCY WITH RARE AND HIGHLY ANTICIPATED 6-HOUR OPEN-TO-CLOSE SET. - FIESTA y BULLSHIT","isPartOf":{"@id":"https:\/\/www.fiestaybullshit.com\/#website"},"datePublished":"2025-05-07T06:52:34+00:00","dateModified":"2025-05-07T06:55:55+00:00","author":{"@id":"https:\/\/www.fiestaybullshit.com\/#\/schema\/person\/d7a9cfeeb7d0ae4f383cee6ef929eb18"},"description":"Armin van Buuren inaugurar\u00e1 su residencia 2025 en Ushua\u00efa Ibiza con un set de seis horas de apertura a cierre, el pr\u00f3ximo domingo 8 de junio.","breadcrumb":{"@id":"https:\/\/www.fiestaybullshit.com\/en\/armin-van-buuren-inaugurara-su-residencia-ushuaia-ibiza-con-un-set-de-6-horas-de-apertura-a-cierre\/#breadcrumb"},"inLanguage":"en-US","potentialAction":[{"@type":"ReadAction","target":["https:\/\/www.fiestaybullshit.com\/en\/armin-van-buuren-inaugurara-su-residencia-ushuaia-ibiza-con-un-set-de-6-horas-de-apertura-a-cierre\/"]}]},{"@type":"BreadcrumbList","@id":"https:\/\/www.fiestaybullshit.com\/en\/armin-van-buuren-inaugurara-su-residencia-ushuaia-ibiza-con-un-set-de-6-horas-de-apertura-a-cierre\/#breadcrumb","itemListElement":[{"@type":"ListItem","position":1,"name":"Portada","item":"https:\/\/www.fiestaybullshit.com\/en\/"},{"@type":"ListItem","position":2,"name":"ARMIN VAN BUUREN TO OPEN USHUA\u00cfA IBIZA RESIDENCY WITH RARE AND HIGHLY ANTICIPATED 6-HOUR OPEN-TO-CLOSE SET."}]},{"@type":"WebSite","@id":"https:\/\/www.fiestaybullshit.com\/#website","url":"https:\/\/www.fiestaybullshit.com\/","name":"FIESTA y BULLSHIT","description":"Magazine 3.0","potentialAction":[{"@type":"SearchAction","target":{"@type":"EntryPoint","urlTemplate":"https:\/\/www.fiestaybullshit.com\/?s={search_term_string}"},"query-input":"required name=search_term_string"}],"inLanguage":"en-US"},{"@type":"Person","@id":"https:\/\/www.fiestaybullshit.com\/#\/schema\/person\/d7a9cfeeb7d0ae4f383cee6ef929eb18","name":"Dani","image":{"@type":"ImageObject","inLanguage":"en-US","@id":"https:\/\/www.fiestaybullshit.com\/#\/schema\/person\/image\/","url":"https:\/\/secure.gravatar.com\/avatar\/d2bb71e25934a17b865a0db2825fab0c?s=96&d=mm&r=g","contentUrl":"https:\/\/secure.gravatar.com\/avatar\/d2bb71e25934a17b865a0db2825fab0c?s=96&d=mm&r=g","caption":"Dani"},"url":"https:\/\/www.fiestaybullshit.com\/en\/author\/teo\/"}]}},"_links":{"self":[{"href":"https:\/\/www.fiestaybullshit.com\/en\/wp-json\/wp\/v2\/posts\/60293"}],"collection":[{"href":"https:\/\/www.fiestaybullshit.com\/en\/wp-json\/wp\/v2\/posts"}],"about":[{"href":"https:\/\/www.fiestaybullshit.com\/en\/wp-json\/wp\/v2\/types\/post"}],"author":[{"embeddable":true,"href":"https:\/\/www.fiestaybullshit.com\/en\/wp-json\/wp\/v2\/users\/2"}],"replies":[{"embeddable":true,"href":"https:\/\/www.fiestaybullshit.com\/en\/wp-json\/wp\/v2\/comments?post=60293"}],"version-history":[{"count":2,"href":"https:\/\/www.fiestaybullshit.com\/en\/wp-json\/wp\/v2\/posts\/60293\/revisions"}],"predecessor-version":[{"id":60295,"href":"https:\/\/www.fiestaybullshit.com\/en\/wp-json\/wp\/v2\/posts\/60293\/revisions\/60295"}],"wp:featuredmedia":[{"embeddable":true,"href":"https:\/\/www.fiestaybullshit.com\/en\/wp-json\/wp\/v2\/media\/60291"}],"wp:attachment":[{"href":"https:\/\/www.fiestaybullshit.com\/en\/wp-json\/wp\/v2\/media?parent=60293"}],"wp:term":[{"taxonomy":"category","embeddable":true,"href":"https:\/\/www.fiestaybullshit.com\/en\/wp-json\/wp\/v2\/categories?post=60293"},{"taxonomy":"post_tag","embeddable":true,"href":"https:\/\/www.fiestaybullshit.com\/en\/wp-json\/wp\/v2\/tags?post=60293"}],"curies":[{"name":"wp","href":"https:\/\/api.w.org\/{rel}","templated":true}]}}