{"id":65341,"date":"2025-12-01T11:52:52","date_gmt":"2025-12-01T11:52:52","guid":{"rendered":"https:\/\/www.fiestaybullshit.com\/?p=65341"},"modified":"2025-12-01T11:52:52","modified_gmt":"2025-12-01T11:52:52","slug":"cercle-unveils-full-lineup-for-its-three-day-festival-at-the-national-air-and-space-museum-of-france","status":"publish","type":"post","link":"https:\/\/www.fiestaybullshit.com\/en\/cercle-unveils-full-lineup-for-its-three-day-festival-at-the-national-air-and-space-museum-of-france\/","title":{"rendered":"CERCLE UNVEILS FULL LINEUP FOR ITS THREE-DAY FESTIVAL AT THE NATIONAL AIR AND SPACE MUSEUM OF FRANCE."},"content":{"rendered":"<p><span style=\"font-weight: 400;\">Cercle is proud to unveil the full lineup for the third edition of <\/span><strong>Cercle Festival<\/strong><span style=\"font-weight: 400;\"> at the National Air and Space Museum of France, now spanning three days, <strong>May 22\u201324, 2026<\/strong>. Set against the museum\u2019s legendary aircraft and rockets, this edition promises an unprecedented fusion of cultural heritage, cutting-edge electronic music, and audiovisual artistry.<\/span><\/p>\n<p><span style=\"font-weight: 400;\">Following the sold-out 2024 edition, which gathered attendees from over 70 countries, Cercle Festival returns to the tarmac of Le Bourget with a carefully curated lineup balancing world-renowned pioneers and emerging talents, reaffirming Cercle\u2019s role as a global leader in revolutionary music experiences.<\/span><\/p>\n<h4><b>A CULTURAL LANDMARK TRANSFORMED<\/b><\/h4>\n<p><span style=\"font-weight: 400;\">Once again, the National Air and Space Museum of France will become the stage for Cercle\u2019s signature fusion of sound, light and emotion. As the world\u2019s oldest aviation museum, the monumental architecture and legendary tarmac \u2014 home to the A380, the Ariane 5 rocket and two Concorde aircrafts \u2014 provides the perfect backdrop for Cercle\u2019s creative vision.<\/span><\/p>\n<p><span style=\"font-weight: 400;\">Each of the festival\u2019s three stages will offer a distinct experience: the Ariane Stage at the foot of the rocket, the A380 Stage beneath the world\u2019s largest passenger aircraft, and the Concorde Stage, nestled between the two supersonic icons.<\/span><\/p>\n<h4><b><img decoding=\"async\" loading=\"lazy\" class=\"aligncenter size-full wp-image-65345\" src=\"https:\/\/www.fiestaybullshit.com\/wp-content\/uploads\/2025\/12\/disclosure-mochakk-albertoalcocer-scaled.jpg\" alt=\"\" width=\"2560\" height=\"1708\" srcset=\"https:\/\/www.fiestaybullshit.com\/wp-content\/uploads\/2025\/12\/disclosure-mochakk-albertoalcocer-scaled.jpg 2560w, https:\/\/www.fiestaybullshit.com\/wp-content\/uploads\/2025\/12\/disclosure-mochakk-albertoalcocer-800x534.jpg 800w, https:\/\/www.fiestaybullshit.com\/wp-content\/uploads\/2025\/12\/disclosure-mochakk-albertoalcocer-1100x734.jpg 1100w, https:\/\/www.fiestaybullshit.com\/wp-content\/uploads\/2025\/12\/disclosure-mochakk-albertoalcocer-768x512.jpg 768w, https:\/\/www.fiestaybullshit.com\/wp-content\/uploads\/2025\/12\/disclosure-mochakk-albertoalcocer-1536x1025.jpg 1536w, https:\/\/www.fiestaybullshit.com\/wp-content\/uploads\/2025\/12\/disclosure-mochakk-albertoalcocer-2048x1366.jpg 2048w\" sizes=\"(max-width: 2560px) 100vw, 2560px\" \/><\/b><\/h4>\n<h4><b>A LINEUP WHERE LEGENDS MEET THE FUTURE<\/b><\/h4>\n<p><span style=\"font-weight: 400;\">The 2026 edition brings together a diverse selection of international artists whose performances will explore the balance between innovation and emotion.<\/span><\/p>\n<p><i><span style=\"font-weight: 400;\">\u201cI\u2019m so thrilled to share the Cercle Festival 2026 lineup! Come 2026, we\u2019ll gather 44 artists from 19 different countries across three full days of electronic music, covering a lot of different genres from afro house and techno to melodic techno, tech house, house, electronica, and more.\u201d<\/span><\/i><span style=\"font-weight: 400;\"> shares <\/span><b>Derek Barbolla, Founder and Creative Director of Cercle<\/b><span style=\"font-weight: 400;\">. <\/span><i><span style=\"font-weight: 400;\">\u201cWorking alongside my dear colleagues Cl\u00e9ment Meyere and Claire Miller, we made it a priority to showcase French talent on this edition, featuring standout artists like Anetha, Enfant Sauvage, Thylacine, Marten Lou, and Etienne de Cr\u00e9cy. I\u2019m so grateful to all the artists and their teams for trusting us, and I can\u2019t wait to welcome you all on board in just a few months.\u201d<\/span><\/i><\/p>\n<p><span style=\"font-weight: 400;\">Prepare for an incredible roster of artists, including:<\/span><\/p>\n<h5><b>FRIDAY &#8211; MAY 22, 2026<\/b><\/h5>\n<p><span style=\"font-weight: 400;\">Acid Pauli, Adriatique, ANNA, Arodes, berlioz, Carlita, Enfant Sauvage, Kerri Chandler, KILIMANJARO, Marten Lou, Mind Against, Rodrigo Gallardo, Sammy Virji.<\/span><\/p>\n<h5><b>SATURDAY &#8211; MAY 23, 2026<\/b><\/h5>\n<p><span style=\"font-weight: 400;\">Anfisa Letyago, ARTBAT, \u00c9tienne de Cr\u00e9cy, Ginton, Jimi Jules, Kasablanca, Kenya Grace, K\u00f6lsch, Lane 8, LP Giobbi, DJ Tennis, Michael Bibi, Monolink, Parra for Cuva, Vintage Culture.<\/span><\/p>\n<h5><b>SUNDAY &#8211; MAY 24, 2026<\/b><\/h5>\n<p><span style=\"font-weight: 400;\">Aaron Hibell, \u00c2me DJ b2b Sama\u2019 Abdulhadi, Anetha, Ben B\u00f6hmer, Deer Jade, Eric Prydz, Funk Tribu, Mahmut Orhan, meera, Miss Monique, nimino, R\u00f6yksopp DJ Set, Thylacine, Weval, YOTTO.<\/span><\/p>\n<p><span style=\"font-weight: 400;\">Access to Phase Two by pre-registering <\/span><span style=\"text-decoration: underline;\"><a href=\"https:\/\/festival.cercle.io\/\"><b>HERE<\/b><\/a><\/span><\/p>\n<p><img decoding=\"async\" loading=\"lazy\" class=\"aligncenter size-full wp-image-65343\" src=\"https:\/\/www.fiestaybullshit.com\/wp-content\/uploads\/2025\/12\/flyer-full-lineup-by-day-1-scaled.jpg\" alt=\"\" width=\"2048\" height=\"2560\" srcset=\"https:\/\/www.fiestaybullshit.com\/wp-content\/uploads\/2025\/12\/flyer-full-lineup-by-day-1-scaled.jpg 2048w, https:\/\/www.fiestaybullshit.com\/wp-content\/uploads\/2025\/12\/flyer-full-lineup-by-day-1-640x800.jpg 640w, https:\/\/www.fiestaybullshit.com\/wp-content\/uploads\/2025\/12\/flyer-full-lineup-by-day-1-880x1100.jpg 880w, https:\/\/www.fiestaybullshit.com\/wp-content\/uploads\/2025\/12\/flyer-full-lineup-by-day-1-768x960.jpg 768w, https:\/\/www.fiestaybullshit.com\/wp-content\/uploads\/2025\/12\/flyer-full-lineup-by-day-1-1229x1536.jpg 1229w, https:\/\/www.fiestaybullshit.com\/wp-content\/uploads\/2025\/12\/flyer-full-lineup-by-day-1-1638x2048.jpg 1638w\" sizes=\"(max-width: 2048px) 100vw, 2048px\" \/><\/p>\n","protected":false},"excerpt":{"rendered":"<p>Cercle is proud to unveil the full lineup for the third edition of Cercle Festival at the National Air and Space Museum of France, now spanning three days, May 22\u201324, 2026. Set against the museum\u2019s legendary aircraft and rockets, this edition promises an unprecedented fusion of cultural heritage, cutting-edge electronic music, and audiovisual artistry. Following [&hellip;]<\/p>\n","protected":false},"author":2,"featured_media":65350,"comment_status":"closed","ping_status":"open","sticky":false,"template":"","format":"standard","meta":[],"categories":[109],"tags":[],"yoast_head":"<!-- This site is optimized with the Yoast SEO plugin v21.8 - https:\/\/yoast.com\/wordpress\/plugins\/seo\/ -->\n<title>CERCLE UNVEILS FULL LINEUP FOR ITS THREE-DAY FESTIVAL AT THE NATIONAL AIR AND SPACE MUSEUM OF FRANCE. - FIESTA y BULLSHIT<\/title>\n<meta name=\"robots\" content=\"index, follow, max-snippet:-1, max-image-preview:large, max-video-preview:-1\" \/>\n<link rel=\"canonical\" href=\"https:\/\/www.fiestaybullshit.com\/en\/cercle-unveils-full-lineup-for-its-three-day-festival-at-the-national-air-and-space-museum-of-france\/\" \/>\n<meta property=\"og:locale\" content=\"en_US\" \/>\n<meta property=\"og:type\" content=\"article\" \/>\n<meta property=\"og:title\" content=\"CERCLE UNVEILS FULL LINEUP FOR ITS THREE-DAY FESTIVAL AT THE NATIONAL AIR AND SPACE MUSEUM OF FRANCE. - FIESTA y BULLSHIT\" \/>\n<meta property=\"og:description\" content=\"Cercle is proud to unveil the full lineup for the third edition of Cercle Festival at the National Air and Space Museum of France, now spanning three days, May 22\u201324, 2026. Set against the museum\u2019s legendary aircraft and rockets, this edition promises an unprecedented fusion of cultural heritage, cutting-edge electronic music, and audiovisual artistry. Following [&hellip;]\" \/>\n<meta property=\"og:url\" content=\"https:\/\/www.fiestaybullshit.com\/en\/cercle-unveils-full-lineup-for-its-three-day-festival-at-the-national-air-and-space-museum-of-france\/\" \/>\n<meta property=\"og:site_name\" content=\"FIESTA y BULLSHIT\" \/>\n<meta property=\"article:published_time\" content=\"2025-12-01T11:52:52+00:00\" \/>\n<meta property=\"og:image\" content=\"https:\/\/www.fiestaybullshit.com\/wp-content\/uploads\/2025\/12\/cercle-festival.png\" \/>\n\t<meta property=\"og:image:width\" content=\"1200\" \/>\n\t<meta property=\"og:image:height\" content=\"674\" \/>\n\t<meta property=\"og:image:type\" content=\"image\/png\" \/>\n<meta name=\"author\" content=\"Dani\" \/>\n<meta name=\"twitter:label1\" content=\"Written by\" \/>\n\t<meta name=\"twitter:data1\" content=\"Dani\" \/>\n\t<meta name=\"twitter:label2\" content=\"Est. reading time\" \/>\n\t<meta name=\"twitter:data2\" content=\"3 minutes\" \/>\n<script type=\"application\/ld+json\" class=\"yoast-schema-graph\">{\"@context\":\"https:\/\/schema.org\",\"@graph\":[{\"@type\":\"WebPage\",\"@id\":\"https:\/\/www.fiestaybullshit.com\/en\/cercle-unveils-full-lineup-for-its-three-day-festival-at-the-national-air-and-space-museum-of-france\/\",\"url\":\"https:\/\/www.fiestaybullshit.com\/en\/cercle-unveils-full-lineup-for-its-three-day-festival-at-the-national-air-and-space-museum-of-france\/\",\"name\":\"CERCLE UNVEILS FULL LINEUP FOR ITS THREE-DAY FESTIVAL AT THE NATIONAL AIR AND SPACE MUSEUM OF FRANCE. - FIESTA y BULLSHIT\",\"isPartOf\":{\"@id\":\"https:\/\/www.fiestaybullshit.com\/#website\"},\"datePublished\":\"2025-12-01T11:52:52+00:00\",\"dateModified\":\"2025-12-01T11:52:52+00:00\",\"author\":{\"@id\":\"https:\/\/www.fiestaybullshit.com\/#\/schema\/person\/d7a9cfeeb7d0ae4f383cee6ef929eb18\"},\"breadcrumb\":{\"@id\":\"https:\/\/www.fiestaybullshit.com\/en\/cercle-unveils-full-lineup-for-its-three-day-festival-at-the-national-air-and-space-museum-of-france\/#breadcrumb\"},\"inLanguage\":\"en-US\",\"potentialAction\":[{\"@type\":\"ReadAction\",\"target\":[\"https:\/\/www.fiestaybullshit.com\/en\/cercle-unveils-full-lineup-for-its-three-day-festival-at-the-national-air-and-space-museum-of-france\/\"]}]},{\"@type\":\"BreadcrumbList\",\"@id\":\"https:\/\/www.fiestaybullshit.com\/en\/cercle-unveils-full-lineup-for-its-three-day-festival-at-the-national-air-and-space-museum-of-france\/#breadcrumb\",\"itemListElement\":[{\"@type\":\"ListItem\",\"position\":1,\"name\":\"Portada\",\"item\":\"https:\/\/www.fiestaybullshit.com\/en\/\"},{\"@type\":\"ListItem\",\"position\":2,\"name\":\"CERCLE UNVEILS FULL LINEUP FOR ITS THREE-DAY FESTIVAL AT THE NATIONAL AIR AND SPACE MUSEUM OF FRANCE.\"}]},{\"@type\":\"WebSite\",\"@id\":\"https:\/\/www.fiestaybullshit.com\/#website\",\"url\":\"https:\/\/www.fiestaybullshit.com\/\",\"name\":\"FIESTA y BULLSHIT\",\"description\":\"Magazine 3.0\",\"potentialAction\":[{\"@type\":\"SearchAction\",\"target\":{\"@type\":\"EntryPoint\",\"urlTemplate\":\"https:\/\/www.fiestaybullshit.com\/?s={search_term_string}\"},\"query-input\":\"required name=search_term_string\"}],\"inLanguage\":\"en-US\"},{\"@type\":\"Person\",\"@id\":\"https:\/\/www.fiestaybullshit.com\/#\/schema\/person\/d7a9cfeeb7d0ae4f383cee6ef929eb18\",\"name\":\"Dani\",\"image\":{\"@type\":\"ImageObject\",\"inLanguage\":\"en-US\",\"@id\":\"https:\/\/www.fiestaybullshit.com\/#\/schema\/person\/image\/\",\"url\":\"https:\/\/secure.gravatar.com\/avatar\/d2bb71e25934a17b865a0db2825fab0c?s=96&d=mm&r=g\",\"contentUrl\":\"https:\/\/secure.gravatar.com\/avatar\/d2bb71e25934a17b865a0db2825fab0c?s=96&d=mm&r=g\",\"caption\":\"Dani\"},\"url\":\"https:\/\/www.fiestaybullshit.com\/en\/author\/teo\/\"}]}<\/script>\n<!-- \/ Yoast SEO plugin. -->","yoast_head_json":{"title":"CERCLE UNVEILS FULL LINEUP FOR ITS THREE-DAY FESTIVAL AT THE NATIONAL AIR AND SPACE MUSEUM OF FRANCE. - FIESTA y BULLSHIT","robots":{"index":"index","follow":"follow","max-snippet":"max-snippet:-1","max-image-preview":"max-image-preview:large","max-video-preview":"max-video-preview:-1"},"canonical":"https:\/\/www.fiestaybullshit.com\/en\/cercle-unveils-full-lineup-for-its-three-day-festival-at-the-national-air-and-space-museum-of-france\/","og_locale":"en_US","og_type":"article","og_title":"CERCLE UNVEILS FULL LINEUP FOR ITS THREE-DAY FESTIVAL AT THE NATIONAL AIR AND SPACE MUSEUM OF FRANCE. - FIESTA y BULLSHIT","og_description":"Cercle is proud to unveil the full lineup for the third edition of Cercle Festival at the National Air and Space Museum of France, now spanning three days, May 22\u201324, 2026. Set against the museum\u2019s legendary aircraft and rockets, this edition promises an unprecedented fusion of cultural heritage, cutting-edge electronic music, and audiovisual artistry. Following [&hellip;]","og_url":"https:\/\/www.fiestaybullshit.com\/en\/cercle-unveils-full-lineup-for-its-three-day-festival-at-the-national-air-and-space-museum-of-france\/","og_site_name":"FIESTA y BULLSHIT","article_published_time":"2025-12-01T11:52:52+00:00","og_image":[{"width":1200,"height":674,"url":"https:\/\/www.fiestaybullshit.com\/wp-content\/uploads\/2025\/12\/cercle-festival.png","type":"image\/png"}],"author":"Dani","twitter_misc":{"Written by":"Dani","Est. reading time":"3 minutes"},"schema":{"@context":"https:\/\/schema.org","@graph":[{"@type":"WebPage","@id":"https:\/\/www.fiestaybullshit.com\/en\/cercle-unveils-full-lineup-for-its-three-day-festival-at-the-national-air-and-space-museum-of-france\/","url":"https:\/\/www.fiestaybullshit.com\/en\/cercle-unveils-full-lineup-for-its-three-day-festival-at-the-national-air-and-space-museum-of-france\/","name":"CERCLE UNVEILS FULL LINEUP FOR ITS THREE-DAY FESTIVAL AT THE NATIONAL AIR AND SPACE MUSEUM OF FRANCE. - FIESTA y BULLSHIT","isPartOf":{"@id":"https:\/\/www.fiestaybullshit.com\/#website"},"datePublished":"2025-12-01T11:52:52+00:00","dateModified":"2025-12-01T11:52:52+00:00","author":{"@id":"https:\/\/www.fiestaybullshit.com\/#\/schema\/person\/d7a9cfeeb7d0ae4f383cee6ef929eb18"},"breadcrumb":{"@id":"https:\/\/www.fiestaybullshit.com\/en\/cercle-unveils-full-lineup-for-its-three-day-festival-at-the-national-air-and-space-museum-of-france\/#breadcrumb"},"inLanguage":"en-US","potentialAction":[{"@type":"ReadAction","target":["https:\/\/www.fiestaybullshit.com\/en\/cercle-unveils-full-lineup-for-its-three-day-festival-at-the-national-air-and-space-museum-of-france\/"]}]},{"@type":"BreadcrumbList","@id":"https:\/\/www.fiestaybullshit.com\/en\/cercle-unveils-full-lineup-for-its-three-day-festival-at-the-national-air-and-space-museum-of-france\/#breadcrumb","itemListElement":[{"@type":"ListItem","position":1,"name":"Portada","item":"https:\/\/www.fiestaybullshit.com\/en\/"},{"@type":"ListItem","position":2,"name":"CERCLE UNVEILS FULL LINEUP FOR ITS THREE-DAY FESTIVAL AT THE NATIONAL AIR AND SPACE MUSEUM OF FRANCE."}]},{"@type":"WebSite","@id":"https:\/\/www.fiestaybullshit.com\/#website","url":"https:\/\/www.fiestaybullshit.com\/","name":"FIESTA y BULLSHIT","description":"Magazine 3.0","potentialAction":[{"@type":"SearchAction","target":{"@type":"EntryPoint","urlTemplate":"https:\/\/www.fiestaybullshit.com\/?s={search_term_string}"},"query-input":"required name=search_term_string"}],"inLanguage":"en-US"},{"@type":"Person","@id":"https:\/\/www.fiestaybullshit.com\/#\/schema\/person\/d7a9cfeeb7d0ae4f383cee6ef929eb18","name":"Dani","image":{"@type":"ImageObject","inLanguage":"en-US","@id":"https:\/\/www.fiestaybullshit.com\/#\/schema\/person\/image\/","url":"https:\/\/secure.gravatar.com\/avatar\/d2bb71e25934a17b865a0db2825fab0c?s=96&d=mm&r=g","contentUrl":"https:\/\/secure.gravatar.com\/avatar\/d2bb71e25934a17b865a0db2825fab0c?s=96&d=mm&r=g","caption":"Dani"},"url":"https:\/\/www.fiestaybullshit.com\/en\/author\/teo\/"}]}},"_links":{"self":[{"href":"https:\/\/www.fiestaybullshit.com\/en\/wp-json\/wp\/v2\/posts\/65341"}],"collection":[{"href":"https:\/\/www.fiestaybullshit.com\/en\/wp-json\/wp\/v2\/posts"}],"about":[{"href":"https:\/\/www.fiestaybullshit.com\/en\/wp-json\/wp\/v2\/types\/post"}],"author":[{"embeddable":true,"href":"https:\/\/www.fiestaybullshit.com\/en\/wp-json\/wp\/v2\/users\/2"}],"replies":[{"embeddable":true,"href":"https:\/\/www.fiestaybullshit.com\/en\/wp-json\/wp\/v2\/comments?post=65341"}],"version-history":[{"count":3,"href":"https:\/\/www.fiestaybullshit.com\/en\/wp-json\/wp\/v2\/posts\/65341\/revisions"}],"predecessor-version":[{"id":65352,"href":"https:\/\/www.fiestaybullshit.com\/en\/wp-json\/wp\/v2\/posts\/65341\/revisions\/65352"}],"wp:featuredmedia":[{"embeddable":true,"href":"https:\/\/www.fiestaybullshit.com\/en\/wp-json\/wp\/v2\/media\/65350"}],"wp:attachment":[{"href":"https:\/\/www.fiestaybullshit.com\/en\/wp-json\/wp\/v2\/media?parent=65341"}],"wp:term":[{"taxonomy":"category","embeddable":true,"href":"https:\/\/www.fiestaybullshit.com\/en\/wp-json\/wp\/v2\/categories?post=65341"},{"taxonomy":"post_tag","embeddable":true,"href":"https:\/\/www.fiestaybullshit.com\/en\/wp-json\/wp\/v2\/tags?post=65341"}],"curies":[{"name":"wp","href":"https:\/\/api.w.org\/{rel}","templated":true}]}}